{"id":506,"date":"2021-03-02T21:24:17","date_gmt":"2021-03-02T21:24:17","guid":{"rendered":"https:\/\/todoagricola.es\/energia\/?p=506"},"modified":"2021-03-03T01:43:17","modified_gmt":"2021-03-03T01:43:17","slug":"almendra-de-origen","status":"publish","type":"post","link":"https:\/\/todoagricola.es\/energia\/almendra-de-origen\/","title":{"rendered":"Almendra en origen"},"content":{"rendered":"\t\t<div data-elementor-type=\"wp-post\" data-elementor-id=\"506\" class=\"elementor elementor-506\" data-elementor-settings=\"[]\">\n\t\t\t\t\t\t<div class=\"elementor-inner\">\n\t\t\t\t\t\t\t<div class=\"elementor-section-wrap\">\n\t\t\t\t\t\t\t<section class=\"elementor-section elementor-top-section elementor-element elementor-element-718e87d elementor-section-boxed elementor-section-height-default elementor-section-height-default\" data-id=\"718e87d\" data-element_type=\"section\">\n\t\t\t\t\t\t<div class=\"elementor-container elementor-column-gap-default\">\n\t\t\t\t\t\t\t<div class=\"elementor-row\">\n\t\t\t\t\t<div class=\"elementor-column elementor-col-100 elementor-top-column elementor-element elementor-element-c0a89b5\" data-id=\"c0a89b5\" data-element_type=\"column\">\n\t\t\t<div class=\"elementor-column-wrap elementor-element-populated\">\n\t\t\t\t\t\t\t<div class=\"elementor-widget-wrap\">\n\t\t\t\t\t\t<div class=\"elementor-element elementor-element-90ba9e4 elementor-widget elementor-widget-text-editor\" data-id=\"90ba9e4\" data-element_type=\"widget\" data-widget_type=\"text-editor.default\">\n\t\t\t\t<div class=\"elementor-widget-container\">\n\t\t\t\t\t\t\t\t<div class=\"elementor-text-editor elementor-clearfix\">\n\t\t\t\t<h1><span style=\"color: #008000;\"><strong>\u00bfQu\u00e9 ocurre con el precio de la almendra en origen?<\/strong><\/span><\/h1>\t\t\t\t\t<\/div>\n\t\t\t\t\t\t<\/div>\n\t\t\t\t<\/div>\n\t\t\t\t<div class=\"elementor-element elementor-element-b392e80 elementor-widget elementor-widget-image\" data-id=\"b392e80\" data-element_type=\"widget\" data-widget_type=\"image.default\">\n\t\t\t\t<div class=\"elementor-widget-container\">\n\t\t\t\t\t\t\t\t<div class=\"elementor-image\">\n\t\t\t\t\t\t\t\t\t\t\t\t<img decoding=\"async\" width=\"1006\" height=\"792\" src=\"https:\/\/todoagricola.es\/energia\/wp-content\/uploads\/2021\/03\/Almendra-de-origen.jpg\" class=\"attachment-large size-large\" alt=\"\u00bfQu\u00e9 ocurre con el precio de la almendra en origen?\" loading=\"lazy\" srcset=\"https:\/\/todoagricola.es\/energia\/wp-content\/uploads\/2021\/03\/Almendra-de-origen.jpg 1006w, https:\/\/todoagricola.es\/energia\/wp-content\/uploads\/2021\/03\/Almendra-de-origen-300x236.jpg 300w, https:\/\/todoagricola.es\/energia\/wp-content\/uploads\/2021\/03\/Almendra-de-origen-768x605.jpg 768w\" sizes=\"(max-width: 1006px) 100vw, 1006px\" \/>\t\t\t\t\t\t\t\t\t\t\t\t\t\t<\/div>\n\t\t\t\t\t\t<\/div>\n\t\t\t\t<\/div>\n\t\t\t\t\t\t<\/div>\n\t\t\t\t\t<\/div>\n\t\t<\/div>\n\t\t\t\t\t\t\t\t<\/div>\n\t\t\t\t\t<\/div>\n\t\t<\/section>\n\t\t\t\t<section class=\"elementor-section elementor-top-section elementor-element elementor-element-1d848a4 elementor-section-boxed elementor-section-height-default elementor-section-height-default\" data-id=\"1d848a4\" data-element_type=\"section\">\n\t\t\t\t\t\t<div class=\"elementor-container elementor-column-gap-default\">\n\t\t\t\t\t\t\t<div class=\"elementor-row\">\n\t\t\t\t\t<div class=\"elementor-column elementor-col-50 elementor-top-column elementor-element elementor-element-589f9a5\" data-id=\"589f9a5\" data-element_type=\"column\">\n\t\t\t<div class=\"elementor-column-wrap elementor-element-populated\">\n\t\t\t\t\t\t\t<div class=\"elementor-widget-wrap\">\n\t\t\t\t\t\t<div class=\"elementor-element elementor-element-dd89f60 elementor-widget elementor-widget-text-editor\" data-id=\"dd89f60\" data-element_type=\"widget\" data-widget_type=\"text-editor.default\">\n\t\t\t\t<div class=\"elementor-widget-container\">\n\t\t\t\t\t\t\t\t<div class=\"elementor-text-editor elementor-clearfix\">\n\t\t\t\t<p>Durante los \u00faltimos a\u00f1os <strong>la almendra se ha posicionado como un alimento saludable y vers\u00e1til<\/strong><br \/><strong>en sus diferentes formas de uso y consumo<\/strong>.<\/p><p><strong>Numerosos estudios demuestran las propiedades beneficiosas de la almendra<\/strong>.<\/p><p>La evidencia cient\u00edfica se\u00f1ala que una dieta que incluye un pu\u00f1ado de almendras tres o cuatro veces a la semana puede ayudar a mantener la salud del coraz\u00f3n, reducir el peso, prevenir la diabetes, combatir la artritis y reducir la mortalidad por c\u00e1ncer.<\/p><p>El consumo de almendras tiene efectos positivos para la salud del coraz\u00f3n por su contenido en vitamina E, fibra diet\u00e9tica y grasas monoinsaturadas que han sido asociadas con un menor riesgo de enfermedad cardiaca. Ayuda a reducir la circunferencia de la cintura, un conocido factor de riesgo para la enfermedad cardiovascular y favorece la lucha contra el colesterol. Adem\u00e1s las almendras son una buena fuente de prote\u00edna, tienen un alto contenido de sustancias antioxidantes y est\u00e1n libres de gluten<\/p>\t\t\t\t\t<\/div>\n\t\t\t\t\t\t<\/div>\n\t\t\t\t<\/div>\n\t\t\t\t\t\t<\/div>\n\t\t\t\t\t<\/div>\n\t\t<\/div>\n\t\t\t\t<div class=\"elementor-column elementor-col-50 elementor-top-column elementor-element elementor-element-e8f1035\" data-id=\"e8f1035\" data-element_type=\"column\">\n\t\t\t<div class=\"elementor-column-wrap elementor-element-populated\">\n\t\t\t\t\t\t\t<div class=\"elementor-widget-wrap\">\n\t\t\t\t\t\t<div class=\"elementor-element elementor-element-86f8f32 elementor-widget elementor-widget-text-editor\" data-id=\"86f8f32\" data-element_type=\"widget\" data-widget_type=\"text-editor.default\">\n\t\t\t\t<div class=\"elementor-widget-container\">\n\t\t\t\t\t\t\t\t<div class=\"elementor-text-editor elementor-clearfix\">\n\t\t\t\t<p>Sin embargo, durante la \u00faltima recolecci\u00f3n de almendra<br \/>estamos atravesado una crisis coyuntural en los<br \/>precios de la almendra por distintas razones.\u00a0<\/p><p><span style=\"font-size: 16px;\">La raz\u00f3n principal es una reducci\u00f3n importante\u00a0<\/span><span style=\"font-size: 16px;\">de las ventas debido, sobre todo, a las consecuencias de la pandemia producida por la\u00a0COVID-19 que han cerrado el canal comercializador\u00a0<\/span><span style=\"font-size: 16px;\">de restaurantes, hoteles y cafeter\u00edas (HORECA). Esto\u00a0<\/span><span style=\"font-size: 16px;\">ha provocado un incremento de los stocks.\u00a0<\/span><\/p><p><b><span style=\"font-size: 16px;\">La\u00a0<\/span><span style=\"font-size: 16px;\">demanda de almendras por parte de helader\u00edas,\u00a0<\/span><span style=\"font-size: 16px;\">restaurantes o pasteler\u00edas se ha reducido de manera\u00a0<\/span><span style=\"font-size: 16px;\">importante por lo que ha provocado tambi\u00e9n una\u00a0<\/span><span style=\"font-size: 16px;\">ca\u00edda del precio.<\/span><\/b><\/p><p>Durante el mes de enero de 2020 la almendra cotizaba en la lonja de Reus a 5,30 euros el kilo de grano. En la \u00faltima semana de julio estos valores bajaron hasta los 3,20 euros el kilo. Por si eso no bastara, se prev\u00e9 un fuerte incremento de la importaci\u00f3n de almendra americana ya que la Almond Board prev\u00e9 una producci\u00f3n r\u00e9cord en EEUU de 1.361 miles de toneladas, que son 3.000 millones de libras (+17.6 %).<\/p>\t\t\t\t\t<\/div>\n\t\t\t\t\t\t<\/div>\n\t\t\t\t<\/div>\n\t\t\t\t\t\t<\/div>\n\t\t\t\t\t<\/div>\n\t\t<\/div>\n\t\t\t\t\t\t\t\t<\/div>\n\t\t\t\t\t<\/div>\n\t\t<\/section>\n\t\t\t\t<section class=\"elementor-section elementor-top-section elementor-element elementor-element-f85917b elementor-section-boxed elementor-section-height-default elementor-section-height-default\" data-id=\"f85917b\" data-element_type=\"section\">\n\t\t\t\t\t\t<div class=\"elementor-container elementor-column-gap-default\">\n\t\t\t\t\t\t\t<div class=\"elementor-row\">\n\t\t\t\t\t<div class=\"elementor-column elementor-col-100 elementor-top-column elementor-element elementor-element-750997b\" data-id=\"750997b\" data-element_type=\"column\">\n\t\t\t<div class=\"elementor-column-wrap elementor-element-populated\">\n\t\t\t\t\t\t\t<div class=\"elementor-widget-wrap\">\n\t\t\t\t\t\t<div class=\"elementor-element elementor-element-95b7623 elementor-widget elementor-widget-text-editor\" data-id=\"95b7623\" data-element_type=\"widget\" data-widget_type=\"text-editor.default\">\n\t\t\t\t<div class=\"elementor-widget-container\">\n\t\t\t\t\t\t\t\t<div class=\"elementor-text-editor elementor-clearfix\">\n\t\t\t\t<p style=\"text-align: center;\"><span style=\"color: #008000;\"><strong>Tanto el aumento del 12% de la producci\u00f3n como la crisis del COVID-19 influyeron en la bajada del 40% en el precio de la almendra.<\/strong><\/span><\/p>\t\t\t\t\t<\/div>\n\t\t\t\t\t\t<\/div>\n\t\t\t\t<\/div>\n\t\t\t\t\t\t<\/div>\n\t\t\t\t\t<\/div>\n\t\t<\/div>\n\t\t\t\t\t\t\t\t<\/div>\n\t\t\t\t\t<\/div>\n\t\t<\/section>\n\t\t\t\t<section class=\"elementor-section elementor-top-section elementor-element elementor-element-37cbb9d elementor-section-boxed elementor-section-height-default elementor-section-height-default\" data-id=\"37cbb9d\" data-element_type=\"section\">\n\t\t\t\t\t\t<div class=\"elementor-container elementor-column-gap-default\">\n\t\t\t\t\t\t\t<div class=\"elementor-row\">\n\t\t\t\t\t<div class=\"elementor-column elementor-col-50 elementor-top-column elementor-element elementor-element-bb95149\" data-id=\"bb95149\" data-element_type=\"column\">\n\t\t\t<div class=\"elementor-column-wrap elementor-element-populated\">\n\t\t\t\t\t\t\t<div class=\"elementor-widget-wrap\">\n\t\t\t\t\t\t<div class=\"elementor-element elementor-element-85948c3 elementor-widget elementor-widget-image\" data-id=\"85948c3\" data-element_type=\"widget\" data-widget_type=\"image.default\">\n\t\t\t\t<div class=\"elementor-widget-container\">\n\t\t\t\t\t\t\t\t<div class=\"elementor-image\">\n\t\t\t\t\t\t\t\t\t\t\t\t<img decoding=\"async\" width=\"624\" height=\"509\" src=\"https:\/\/todoagricola.es\/energia\/wp-content\/uploads\/2021\/03\/Cotizacion-almendra-EKg-de-grano.jpg\" class=\"attachment-large size-large\" alt=\"Cotizaci\u00f3n Almendra\" loading=\"lazy\" srcset=\"https:\/\/todoagricola.es\/energia\/wp-content\/uploads\/2021\/03\/Cotizacion-almendra-EKg-de-grano.jpg 624w, https:\/\/todoagricola.es\/energia\/wp-content\/uploads\/2021\/03\/Cotizacion-almendra-EKg-de-grano-300x245.jpg 300w\" sizes=\"(max-width: 624px) 100vw, 624px\" \/>\t\t\t\t\t\t\t\t\t\t\t\t\t\t<\/div>\n\t\t\t\t\t\t<\/div>\n\t\t\t\t<\/div>\n\t\t\t\t\t\t<\/div>\n\t\t\t\t\t<\/div>\n\t\t<\/div>\n\t\t\t\t<div class=\"elementor-column elementor-col-50 elementor-top-column elementor-element elementor-element-83f0221\" data-id=\"83f0221\" data-element_type=\"column\">\n\t\t\t<div class=\"elementor-column-wrap elementor-element-populated\">\n\t\t\t\t\t\t\t<div class=\"elementor-widget-wrap\">\n\t\t\t\t\t\t<div class=\"elementor-element elementor-element-de16d68 elementor-widget elementor-widget-image\" data-id=\"de16d68\" data-element_type=\"widget\" data-widget_type=\"image.default\">\n\t\t\t\t<div class=\"elementor-widget-container\">\n\t\t\t\t\t\t\t\t<div class=\"elementor-image\">\n\t\t\t\t\t\t\t\t\t\t\t\t<img decoding=\"async\" width=\"633\" height=\"481\" src=\"https:\/\/todoagricola.es\/energia\/wp-content\/uploads\/2021\/03\/Balance-produccion-almendras-en-Estados-Unidos.jpg\" class=\"attachment-large size-large\" alt=\"Producci\u00f3n almendras en Estados Unidos\" loading=\"lazy\" srcset=\"https:\/\/todoagricola.es\/energia\/wp-content\/uploads\/2021\/03\/Balance-produccion-almendras-en-Estados-Unidos.jpg 633w, https:\/\/todoagricola.es\/energia\/wp-content\/uploads\/2021\/03\/Balance-produccion-almendras-en-Estados-Unidos-300x228.jpg 300w\" sizes=\"(max-width: 633px) 100vw, 633px\" \/>\t\t\t\t\t\t\t\t\t\t\t\t\t\t<\/div>\n\t\t\t\t\t\t<\/div>\n\t\t\t\t<\/div>\n\t\t\t\t\t\t<\/div>\n\t\t\t\t\t<\/div>\n\t\t<\/div>\n\t\t\t\t\t\t\t\t<\/div>\n\t\t\t\t\t<\/div>\n\t\t<\/section>\n\t\t\t\t<section class=\"elementor-section elementor-top-section elementor-element elementor-element-5adee19 elementor-section-boxed elementor-section-height-default elementor-section-height-default\" data-id=\"5adee19\" data-element_type=\"section\">\n\t\t\t\t\t\t<div class=\"elementor-container elementor-column-gap-default\">\n\t\t\t\t\t\t\t<div class=\"elementor-row\">\n\t\t\t\t\t<div class=\"elementor-column elementor-col-50 elementor-top-column elementor-element elementor-element-de2b704\" data-id=\"de2b704\" data-element_type=\"column\">\n\t\t\t<div class=\"elementor-column-wrap elementor-element-populated\">\n\t\t\t\t\t\t\t<div class=\"elementor-widget-wrap\">\n\t\t\t\t\t\t<div class=\"elementor-element elementor-element-cb4280e elementor-widget elementor-widget-text-editor\" data-id=\"cb4280e\" data-element_type=\"widget\" data-widget_type=\"text-editor.default\">\n\t\t\t\t<div class=\"elementor-widget-container\">\n\t\t\t\t\t\t\t\t<div class=\"elementor-text-editor elementor-clearfix\">\n\t\t\t\t<p>Como se puede apreciar en el gr\u00e1fico anterior las barras de color marr\u00f3n muestran malas cosechas<br \/>entre las campa\u00f1a 2013-14 y la 2015-16 debido a una fuerte sequ\u00eda en California. Este periodo de\u00a0 sequ\u00eda coincide con los altos precios de la almendra obtenidos en origen entre los a\u00f1os 2014, 2015 y 2016 en los que se alcanzaron precios r\u00e9cord por<br \/>encima de los 8 \u20ac\/Kg de grano.<\/p><p>Desde la campa\u00f1a 2016-17 hasta la actual EEUU est\u00e1 batiendo r\u00e9cords de producci\u00f3n a\u00f1o tras a\u00f1o (barras de color dorado).<\/p><p><span style=\"font-size: 16px;\">Entre las campa\u00f1as 2010- 17 y 2018-19 el consumo m\u00e1s la exportaci\u00f3n de almendra en EEUU est\u00e1n muy igualados, en la campa\u00f1a 2019-20 a pesar de aumentar un 5 % la suma de consumo propio m\u00e1s exportaci\u00f3n, no ha sido suficiente para compensar la subida de un 12 % de producci\u00f3n. \u00abEsto ha hecho que sumado a la pandemia producida por la Covid-19 hayan aumentado los stocks y por tanto se ha producido una bajada de precio de casi un 40 %\u00bb.<\/span><\/p>\t\t\t\t\t<\/div>\n\t\t\t\t\t\t<\/div>\n\t\t\t\t<\/div>\n\t\t\t\t\t\t<\/div>\n\t\t\t\t\t<\/div>\n\t\t<\/div>\n\t\t\t\t<div class=\"elementor-column elementor-col-50 elementor-top-column elementor-element elementor-element-67f48dc\" data-id=\"67f48dc\" data-element_type=\"column\">\n\t\t\t<div class=\"elementor-column-wrap elementor-element-populated\">\n\t\t\t\t\t\t\t<div class=\"elementor-widget-wrap\">\n\t\t\t\t\t\t<div class=\"elementor-element elementor-element-b8b4262 elementor-widget elementor-widget-text-editor\" data-id=\"b8b4262\" data-element_type=\"widget\" data-widget_type=\"text-editor.default\">\n\t\t\t\t<div class=\"elementor-widget-container\">\n\t\t\t\t\t\t\t\t<div class=\"elementor-text-editor elementor-clearfix\">\n\t\t\t\t<p><strong>La Mesa Nacional de Frutos Secos<\/strong> ha realizado la estimaci\u00f3n de producci\u00f3n de almendra para la campa\u00f1a 2020 en Espa\u00f1a, dando como resultado\u00a0 una previsi\u00f3n de 95,6 miles de toneladas de almendra grano, lo que suponte un 7 % sobre las 1.361 miles de toneladas previstas por la Almond Board en EEUU.<\/p><p>Como nota positiva, se estima que estamos tocando los m\u00ednimos en los precios de almendra, ya que se estima que el umbral de rentabilidad de la almendra en<br \/>California est\u00e1 en torno a los 3,5 \u20ac\/Kg. Adem\u00e1s es un producto no perecedero y se conserva muy bien<br \/>si se mantiene en almendra c\u00e1scara y que la industria est\u00e1n probando otros sistemas de<br \/>almacenamiento que ocupan menos espacio.<\/p><p>Cabe a\u00f1adir que la almendra espa\u00f1ola es muy apreciada en los mercados por su calidad organol\u00e9ptica, siendo una industria que est\u00e1 cada vez m\u00e1s adaptada a las necesidades del mercado europeo que es un gran consumidor de almendra y tiene facilidad log\u00edstica con respecto a otros exportadores.<\/p>\t\t\t\t\t<\/div>\n\t\t\t\t\t\t<\/div>\n\t\t\t\t<\/div>\n\t\t\t\t\t\t<\/div>\n\t\t\t\t\t<\/div>\n\t\t<\/div>\n\t\t\t\t\t\t\t\t<\/div>\n\t\t\t\t\t<\/div>\n\t\t<\/section>\n\t\t\t\t\t\t<\/div>\n\t\t\t\t\t\t<\/div>\n\t\t\t\t\t<\/div>\n\t\t","protected":false},"excerpt":{"rendered":"<p>\u00bfQu\u00e9 ocurre con el precio de la almendra en origen? Durante los \u00faltimos a\u00f1os la almendra se ha posicionado como un alimento saludable y vers\u00e1til en sus diferentes formas de uso y consumo. Numerosos estudios demuestran las propiedades beneficiosas de la almendra. La evidencia cient\u00edfica se\u00f1ala que una dieta que incluye un pu\u00f1ado de almendras &hellip;<\/p>\n<p class=\"read-more\"> <a class=\"\" href=\"https:\/\/todoagricola.es\/energia\/almendra-de-origen\/\"> <span class=\"screen-reader-text\">Almendra en origen<\/span> Leer m\u00e1s &raquo;<\/a><\/p>\n","protected":false},"author":1,"featured_media":548,"comment_status":"closed","ping_status":"open","sticky":false,"template":"","format":"standard","meta":{"site-sidebar-layout":"default","site-content-layout":"default","ast-global-header-display":"","ast-main-header-display":"","ast-hfb-above-header-display":"","ast-hfb-below-header-display":"","ast-hfb-mobile-header-display":"","site-post-title":"","ast-breadcrumbs-content":"","ast-featured-img":"disabled","footer-sml-layout":"","theme-transparent-header-meta":"default","adv-header-id-meta":"","stick-header-meta":"","header-above-stick-meta":"","header-main-stick-meta":"","header-below-stick-meta":""},"categories":[1],"tags":[],"yoast_head":"<!-- This site is optimized with the Yoast SEO plugin v20.8 - https:\/\/yoast.com\/wordpress\/plugins\/seo\/ -->\n<title>Almendra en origen - TodoAgricola Energ\u00edas Renovables<\/title>\n<meta name=\"description\" content=\"\u00bfQu\u00e9 ocurre con el precio de la almendra en origen? Descubre las \u00faltimos impactos y tendencias del precio de la almendra en origen.\" \/>\n<meta name=\"robots\" content=\"index, follow, max-snippet:-1, max-image-preview:large, max-video-preview:-1\" \/>\n<link rel=\"canonical\" href=\"https:\/\/todoagricola.es\/energia\/almendra-de-origen\/\" \/>\n<meta property=\"og:locale\" content=\"es_ES\" \/>\n<meta property=\"og:type\" content=\"article\" \/>\n<meta property=\"og:title\" content=\"Almendra en origen - TodoAgricola Energ\u00edas Renovables\" \/>\n<meta property=\"og:description\" content=\"\u00bfQu\u00e9 ocurre con el precio de la almendra en origen? Descubre las \u00faltimos impactos y tendencias del precio de la almendra en origen.\" \/>\n<meta property=\"og:url\" content=\"https:\/\/todoagricola.es\/energia\/almendra-de-origen\/\" \/>\n<meta property=\"og:site_name\" content=\"TodoAgricola Energ\u00edas Renovables\" \/>\n<meta property=\"article:publisher\" content=\"https:\/\/www.facebook.com\/borregoagroquimicos\" \/>\n<meta property=\"article:published_time\" content=\"2021-03-02T21:24:17+00:00\" \/>\n<meta property=\"article:modified_time\" content=\"2021-03-03T01:43:17+00:00\" \/>\n<meta property=\"og:image\" content=\"https:\/\/todoagricola.es\/energia\/wp-content\/uploads\/2021\/03\/almendro.jpg\" \/>\n\t<meta property=\"og:image:width\" content=\"200\" \/>\n\t<meta property=\"og:image:height\" content=\"100\" \/>\n\t<meta property=\"og:image:type\" content=\"image\/jpeg\" \/>\n<meta name=\"author\" content=\"admin\" \/>\n<meta name=\"twitter:card\" content=\"summary_large_image\" \/>\n<script type=\"application\/ld+json\" class=\"yoast-schema-graph\">{\"@context\":\"https:\/\/schema.org\",\"@graph\":[{\"@type\":\"Article\",\"@id\":\"https:\/\/todoagricola.es\/energia\/almendra-de-origen\/#article\",\"isPartOf\":{\"@id\":\"https:\/\/todoagricola.es\/energia\/almendra-de-origen\/\"},\"author\":{\"name\":\"admin\",\"@id\":\"https:\/\/todoagricola.es\/energia\/#\/schema\/person\/49ee19c46a841c35992a752c8f41d7ad\"},\"headline\":\"Almendra en origen\",\"datePublished\":\"2021-03-02T21:24:17+00:00\",\"dateModified\":\"2021-03-03T01:43:17+00:00\",\"mainEntityOfPage\":{\"@id\":\"https:\/\/todoagricola.es\/energia\/almendra-de-origen\/\"},\"wordCount\":740,\"publisher\":{\"@id\":\"https:\/\/todoagricola.es\/energia\/#organization\"},\"articleSection\":[\"Blog\"],\"inLanguage\":\"es\"},{\"@type\":\"WebPage\",\"@id\":\"https:\/\/todoagricola.es\/energia\/almendra-de-origen\/\",\"url\":\"https:\/\/todoagricola.es\/energia\/almendra-de-origen\/\",\"name\":\"Almendra en origen - TodoAgricola Energ\u00edas Renovables\",\"isPartOf\":{\"@id\":\"https:\/\/todoagricola.es\/energia\/#website\"},\"datePublished\":\"2021-03-02T21:24:17+00:00\",\"dateModified\":\"2021-03-03T01:43:17+00:00\",\"description\":\"\u00bfQu\u00e9 ocurre con el precio de la almendra en origen? Descubre las \u00faltimos impactos y tendencias del precio de la almendra en origen.\",\"breadcrumb\":{\"@id\":\"https:\/\/todoagricola.es\/energia\/almendra-de-origen\/#breadcrumb\"},\"inLanguage\":\"es\",\"potentialAction\":[{\"@type\":\"ReadAction\",\"target\":[\"https:\/\/todoagricola.es\/energia\/almendra-de-origen\/\"]}]},{\"@type\":\"BreadcrumbList\",\"@id\":\"https:\/\/todoagricola.es\/energia\/almendra-de-origen\/#breadcrumb\",\"itemListElement\":[{\"@type\":\"ListItem\",\"position\":1,\"name\":\"Portada\",\"item\":\"https:\/\/todoagricola.es\/energia\/\"},{\"@type\":\"ListItem\",\"position\":2,\"name\":\"Almendra en origen\"}]},{\"@type\":\"WebSite\",\"@id\":\"https:\/\/todoagricola.es\/energia\/#website\",\"url\":\"https:\/\/todoagricola.es\/energia\/\",\"name\":\"TodoAgricola Energ\u00edas Renovables\",\"description\":\"Soluciones fotovoltaicas de autoconsumo y aislada. Instaladores de riego por bombeo solar.\",\"publisher\":{\"@id\":\"https:\/\/todoagricola.es\/energia\/#organization\"},\"potentialAction\":[{\"@type\":\"SearchAction\",\"target\":{\"@type\":\"EntryPoint\",\"urlTemplate\":\"https:\/\/todoagricola.es\/energia\/?s={search_term_string}\"},\"query-input\":\"required name=search_term_string\"}],\"inLanguage\":\"es\"},{\"@type\":\"Organization\",\"@id\":\"https:\/\/todoagricola.es\/energia\/#organization\",\"name\":\"TODOAGRICOLA\",\"url\":\"https:\/\/todoagricola.es\/energia\/\",\"logo\":{\"@type\":\"ImageObject\",\"inLanguage\":\"es\",\"@id\":\"https:\/\/todoagricola.es\/energia\/#\/schema\/logo\/image\/\",\"url\":\"https:\/\/todoagricola.es\/energia\/wp-content\/uploads\/2020\/12\/todo-agricola-logo-1598998289.png\",\"contentUrl\":\"https:\/\/todoagricola.es\/energia\/wp-content\/uploads\/2020\/12\/todo-agricola-logo-1598998289.png\",\"width\":500,\"height\":100,\"caption\":\"TODOAGRICOLA\"},\"image\":{\"@id\":\"https:\/\/todoagricola.es\/energia\/#\/schema\/logo\/image\/\"},\"sameAs\":[\"https:\/\/www.facebook.com\/borregoagroquimicos\",\"https:\/\/www.instagram.com\/todoagricola.es\/\"]},{\"@type\":\"Person\",\"@id\":\"https:\/\/todoagricola.es\/energia\/#\/schema\/person\/49ee19c46a841c35992a752c8f41d7ad\",\"name\":\"admin\",\"image\":{\"@type\":\"ImageObject\",\"inLanguage\":\"es\",\"@id\":\"https:\/\/todoagricola.es\/energia\/#\/schema\/person\/image\/\",\"url\":\"https:\/\/secure.gravatar.com\/avatar\/c2068c3fe0d91406e54e0d1e619d2da4?s=96&d=mm&r=g\",\"contentUrl\":\"https:\/\/secure.gravatar.com\/avatar\/c2068c3fe0d91406e54e0d1e619d2da4?s=96&d=mm&r=g\",\"caption\":\"admin\"}}]}<\/script>\n<!-- \/ Yoast SEO plugin. -->","yoast_head_json":{"title":"Almendra en origen - TodoAgricola Energ\u00edas Renovables","description":"\u00bfQu\u00e9 ocurre con el precio de la almendra en origen? Descubre las \u00faltimos impactos y tendencias del precio de la almendra en origen.","robots":{"index":"index","follow":"follow","max-snippet":"max-snippet:-1","max-image-preview":"max-image-preview:large","max-video-preview":"max-video-preview:-1"},"canonical":"https:\/\/todoagricola.es\/energia\/almendra-de-origen\/","og_locale":"es_ES","og_type":"article","og_title":"Almendra en origen - TodoAgricola Energ\u00edas Renovables","og_description":"\u00bfQu\u00e9 ocurre con el precio de la almendra en origen? Descubre las \u00faltimos impactos y tendencias del precio de la almendra en origen.","og_url":"https:\/\/todoagricola.es\/energia\/almendra-de-origen\/","og_site_name":"TodoAgricola Energ\u00edas Renovables","article_publisher":"https:\/\/www.facebook.com\/borregoagroquimicos","article_published_time":"2021-03-02T21:24:17+00:00","article_modified_time":"2021-03-03T01:43:17+00:00","og_image":[{"width":200,"height":100,"url":"https:\/\/todoagricola.es\/energia\/wp-content\/uploads\/2021\/03\/almendro.jpg","type":"image\/jpeg"}],"author":"admin","twitter_card":"summary_large_image","schema":{"@context":"https:\/\/schema.org","@graph":[{"@type":"Article","@id":"https:\/\/todoagricola.es\/energia\/almendra-de-origen\/#article","isPartOf":{"@id":"https:\/\/todoagricola.es\/energia\/almendra-de-origen\/"},"author":{"name":"admin","@id":"https:\/\/todoagricola.es\/energia\/#\/schema\/person\/49ee19c46a841c35992a752c8f41d7ad"},"headline":"Almendra en origen","datePublished":"2021-03-02T21:24:17+00:00","dateModified":"2021-03-03T01:43:17+00:00","mainEntityOfPage":{"@id":"https:\/\/todoagricola.es\/energia\/almendra-de-origen\/"},"wordCount":740,"publisher":{"@id":"https:\/\/todoagricola.es\/energia\/#organization"},"articleSection":["Blog"],"inLanguage":"es"},{"@type":"WebPage","@id":"https:\/\/todoagricola.es\/energia\/almendra-de-origen\/","url":"https:\/\/todoagricola.es\/energia\/almendra-de-origen\/","name":"Almendra en origen - TodoAgricola Energ\u00edas Renovables","isPartOf":{"@id":"https:\/\/todoagricola.es\/energia\/#website"},"datePublished":"2021-03-02T21:24:17+00:00","dateModified":"2021-03-03T01:43:17+00:00","description":"\u00bfQu\u00e9 ocurre con el precio de la almendra en origen? Descubre las \u00faltimos impactos y tendencias del precio de la almendra en origen.","breadcrumb":{"@id":"https:\/\/todoagricola.es\/energia\/almendra-de-origen\/#breadcrumb"},"inLanguage":"es","potentialAction":[{"@type":"ReadAction","target":["https:\/\/todoagricola.es\/energia\/almendra-de-origen\/"]}]},{"@type":"BreadcrumbList","@id":"https:\/\/todoagricola.es\/energia\/almendra-de-origen\/#breadcrumb","itemListElement":[{"@type":"ListItem","position":1,"name":"Portada","item":"https:\/\/todoagricola.es\/energia\/"},{"@type":"ListItem","position":2,"name":"Almendra en origen"}]},{"@type":"WebSite","@id":"https:\/\/todoagricola.es\/energia\/#website","url":"https:\/\/todoagricola.es\/energia\/","name":"TodoAgricola Energ\u00edas Renovables","description":"Soluciones fotovoltaicas de autoconsumo y aislada. Instaladores de riego por bombeo solar.","publisher":{"@id":"https:\/\/todoagricola.es\/energia\/#organization"},"potentialAction":[{"@type":"SearchAction","target":{"@type":"EntryPoint","urlTemplate":"https:\/\/todoagricola.es\/energia\/?s={search_term_string}"},"query-input":"required name=search_term_string"}],"inLanguage":"es"},{"@type":"Organization","@id":"https:\/\/todoagricola.es\/energia\/#organization","name":"TODOAGRICOLA","url":"https:\/\/todoagricola.es\/energia\/","logo":{"@type":"ImageObject","inLanguage":"es","@id":"https:\/\/todoagricola.es\/energia\/#\/schema\/logo\/image\/","url":"https:\/\/todoagricola.es\/energia\/wp-content\/uploads\/2020\/12\/todo-agricola-logo-1598998289.png","contentUrl":"https:\/\/todoagricola.es\/energia\/wp-content\/uploads\/2020\/12\/todo-agricola-logo-1598998289.png","width":500,"height":100,"caption":"TODOAGRICOLA"},"image":{"@id":"https:\/\/todoagricola.es\/energia\/#\/schema\/logo\/image\/"},"sameAs":["https:\/\/www.facebook.com\/borregoagroquimicos","https:\/\/www.instagram.com\/todoagricola.es\/"]},{"@type":"Person","@id":"https:\/\/todoagricola.es\/energia\/#\/schema\/person\/49ee19c46a841c35992a752c8f41d7ad","name":"admin","image":{"@type":"ImageObject","inLanguage":"es","@id":"https:\/\/todoagricola.es\/energia\/#\/schema\/person\/image\/","url":"https:\/\/secure.gravatar.com\/avatar\/c2068c3fe0d91406e54e0d1e619d2da4?s=96&d=mm&r=g","contentUrl":"https:\/\/secure.gravatar.com\/avatar\/c2068c3fe0d91406e54e0d1e619d2da4?s=96&d=mm&r=g","caption":"admin"}}]}},"_links":{"self":[{"href":"https:\/\/todoagricola.es\/energia\/wp-json\/wp\/v2\/posts\/506"}],"collection":[{"href":"https:\/\/todoagricola.es\/energia\/wp-json\/wp\/v2\/posts"}],"about":[{"href":"https:\/\/todoagricola.es\/energia\/wp-json\/wp\/v2\/types\/post"}],"author":[{"embeddable":true,"href":"https:\/\/todoagricola.es\/energia\/wp-json\/wp\/v2\/users\/1"}],"replies":[{"embeddable":true,"href":"https:\/\/todoagricola.es\/energia\/wp-json\/wp\/v2\/comments?post=506"}],"version-history":[{"count":11,"href":"https:\/\/todoagricola.es\/energia\/wp-json\/wp\/v2\/posts\/506\/revisions"}],"predecessor-version":[{"id":520,"href":"https:\/\/todoagricola.es\/energia\/wp-json\/wp\/v2\/posts\/506\/revisions\/520"}],"wp:featuredmedia":[{"embeddable":true,"href":"https:\/\/todoagricola.es\/energia\/wp-json\/wp\/v2\/media\/548"}],"wp:attachment":[{"href":"https:\/\/todoagricola.es\/energia\/wp-json\/wp\/v2\/media?parent=506"}],"wp:term":[{"taxonomy":"category","embeddable":true,"href":"https:\/\/todoagricola.es\/energia\/wp-json\/wp\/v2\/categories?post=506"},{"taxonomy":"post_tag","embeddable":true,"href":"https:\/\/todoagricola.es\/energia\/wp-json\/wp\/v2\/tags?post=506"}],"curies":[{"name":"wp","href":"https:\/\/api.w.org\/{rel}","templated":true}]}}